{"id":1541,"date":"2021-12-10T14:44:09","date_gmt":"2021-12-10T14:44:09","guid":{"rendered":"https:\/\/mmcondominial.com.br\/site\/?p=1541"},"modified":"2022-01-03T14:46:58","modified_gmt":"2022-01-03T14:46:58","slug":"ferias-nos-condominios","status":"publish","type":"post","link":"https:\/\/mmcondominial.com.br\/site\/ferias-nos-condominios\/","title":{"rendered":"F\u00c9RIAS NOS CONDOM\u00cdNIOS"},"content":{"rendered":"<p>Chegaram as f\u00e9rias escolares. Quais pontos devem ser observados pelos s\u00edndicos e qual espa\u00e7o merece mais aten\u00e7\u00e3o e ser\u00e3o muito utilizados agora que a crian\u00e7ada est\u00e1 de f\u00e9rias? Quais as responsabilidades dos pais e o que fazer para que as f\u00e9rias sejam tranquilas?<\/p>\n<p>Confira as dicas que nossa diretora Juliana Monteiro preparou para voc\u00ea.<\/p>\n<p>Inscreva-se no nosso canal no <a href=\"https:\/\/www.youtube.com\/channel\/UCq3vMjQ32gwbmUyfSin1ObA\" target=\"_blank\" rel=\"noopener\">Youtube<\/a> e mande seus coment\u00e1rios e d\u00favidas sobre o dia a dia do seu condom\u00ednio.<\/p>\n<p>M&amp;M Gest\u00e3o Condominial \u2013 Seu condom\u00ednio Muito Melhor!<\/p>\n<p><iframe title=\"YouTube video player\" src=\"https:\/\/www.youtube.com\/embed\/nRD4HTO9Yi8\" width=\"560\" height=\"315\" frameborder=\"0\" allowfullscreen=\"allowfullscreen\"><\/iframe><\/p>\n","protected":false},"excerpt":{"rendered":"<p>Chegaram as f\u00e9rias escolares. Quais pontos devem ser observados pelos s\u00edndicos e qual espa\u00e7o merece mais aten\u00e7\u00e3o e ser\u00e3o muito utilizados agora que a crian\u00e7ada est\u00e1 de f\u00e9rias? Quais as responsabilidades dos pais e o que fazer para que as f\u00e9rias sejam tranquilas? Confira as dicas que nossa diretora Juliana Monteiro preparou para voc\u00ea. Inscreva-se &hellip; <\/p>\n<p class=\"link-more\"><a href=\"https:\/\/mmcondominial.com.br\/site\/ferias-nos-condominios\/\" class=\"more-link\">Continue lendo<span class=\"screen-reader-text\"> &#8220;F\u00c9RIAS NOS CONDOM\u00cdNIOS&#8221;<\/span><\/a><\/p>\n","protected":false},"author":4,"featured_media":1542,"comment_status":"open","ping_status":"open","sticky":false,"template":"","format":"standard","meta":{"_joinchat":[],"footnotes":""},"categories":[1],"tags":[],"class_list":["post-1541","post","type-post","status-publish","format-standard","has-post-thumbnail","hentry","category-noticias","entry"],"yoast_head":"<!-- This site is optimized with the Yoast SEO Premium plugin v14.9 - https:\/\/yoast.com\/wordpress\/plugins\/seo\/ -->\n<title>F\u00c9RIAS NOS CONDOM\u00cdNIOS - M&amp;M<\/title>\n<meta name=\"robots\" content=\"index, follow, max-snippet:-1, max-image-preview:large, max-video-preview:-1\" \/>\n<link rel=\"canonical\" href=\"https:\/\/mmcondominial.com.br\/site\/ferias-nos-condominios\/\" \/>\n<meta property=\"og:locale\" content=\"pt_BR\" \/>\n<meta property=\"og:type\" content=\"article\" \/>\n<meta property=\"og:title\" content=\"F\u00c9RIAS NOS CONDOM\u00cdNIOS - M&amp;M\" \/>\n<meta property=\"og:description\" content=\"Chegaram as f\u00e9rias escolares. Quais pontos devem ser observados pelos s\u00edndicos e qual espa\u00e7o merece mais aten\u00e7\u00e3o e ser\u00e3o muito utilizados agora que a crian\u00e7ada est\u00e1 de f\u00e9rias? Quais as responsabilidades dos pais e o que fazer para que as f\u00e9rias sejam tranquilas? Confira as dicas que nossa diretora Juliana Monteiro preparou para voc\u00ea. Inscreva-se &hellip; Continue lendo &quot;F\u00c9RIAS NOS CONDOM\u00cdNIOS&quot;\" \/>\n<meta property=\"og:url\" content=\"https:\/\/mmcondominial.com.br\/site\/ferias-nos-condominios\/\" \/>\n<meta property=\"og:site_name\" content=\"M&amp;M\" \/>\n<meta property=\"article:published_time\" content=\"2021-12-10T14:44:09+00:00\" \/>\n<meta property=\"article:modified_time\" content=\"2022-01-03T14:46:58+00:00\" \/>\n<meta property=\"og:image\" content=\"https:\/\/mmcondominial.com.br\/site\/conteudo\/uploads\/2022\/01\/Ferias-capa-noticia.jpg\" \/>\n\t<meta property=\"og:image:width\" content=\"1080\" \/>\n\t<meta property=\"og:image:height\" content=\"1080\" \/>\n<meta name=\"twitter:card\" content=\"summary_large_image\" \/>\n<script type=\"application\/ld+json\" class=\"yoast-schema-graph\">{\"@context\":\"https:\/\/schema.org\",\"@graph\":[{\"@type\":\"WebSite\",\"@id\":\"https:\/\/mmcondominial.com.br\/site\/#website\",\"url\":\"https:\/\/mmcondominial.com.br\/site\/\",\"name\":\"M&amp;M\",\"description\":\"Gest\\u00e3o Condominial\",\"potentialAction\":[{\"@type\":\"SearchAction\",\"target\":\"https:\/\/mmcondominial.com.br\/site\/?s={search_term_string}\",\"query-input\":\"required name=search_term_string\"}],\"inLanguage\":\"pt-BR\"},{\"@type\":\"ImageObject\",\"@id\":\"https:\/\/mmcondominial.com.br\/site\/ferias-nos-condominios\/#primaryimage\",\"inLanguage\":\"pt-BR\",\"url\":\"https:\/\/mmcondominial.com.br\/site\/conteudo\/uploads\/2022\/01\/Ferias-capa-noticia.jpg\",\"width\":1080,\"height\":1080},{\"@type\":\"WebPage\",\"@id\":\"https:\/\/mmcondominial.com.br\/site\/ferias-nos-condominios\/#webpage\",\"url\":\"https:\/\/mmcondominial.com.br\/site\/ferias-nos-condominios\/\",\"name\":\"F\\u00c9RIAS NOS CONDOM\\u00cdNIOS - M&amp;M\",\"isPartOf\":{\"@id\":\"https:\/\/mmcondominial.com.br\/site\/#website\"},\"primaryImageOfPage\":{\"@id\":\"https:\/\/mmcondominial.com.br\/site\/ferias-nos-condominios\/#primaryimage\"},\"datePublished\":\"2021-12-10T14:44:09+00:00\",\"dateModified\":\"2022-01-03T14:46:58+00:00\",\"author\":{\"@id\":\"https:\/\/mmcondominial.com.br\/site\/#\/schema\/person\/6b1ed5825a9a7162159155c67f58fef9\"},\"inLanguage\":\"pt-BR\",\"potentialAction\":[{\"@type\":\"ReadAction\",\"target\":[\"https:\/\/mmcondominial.com.br\/site\/ferias-nos-condominios\/\"]}]},{\"@type\":\"Person\",\"@id\":\"https:\/\/mmcondominial.com.br\/site\/#\/schema\/person\/6b1ed5825a9a7162159155c67f58fef9\",\"name\":\"Administrador\",\"image\":{\"@type\":\"ImageObject\",\"@id\":\"https:\/\/mmcondominial.com.br\/site\/#personlogo\",\"inLanguage\":\"pt-BR\",\"url\":\"https:\/\/secure.gravatar.com\/avatar\/be7d27219d3c4d356834bcc4ca6d2300c5891ce1951df73c67222fb417b95a86?s=96&d=mm&r=g\",\"caption\":\"Administrador\"}}]}<\/script>\n<!-- \/ Yoast SEO Premium plugin. -->","_links":{"self":[{"href":"https:\/\/mmcondominial.com.br\/site\/wp-json\/wp\/v2\/posts\/1541","targetHints":{"allow":["GET"]}}],"collection":[{"href":"https:\/\/mmcondominial.com.br\/site\/wp-json\/wp\/v2\/posts"}],"about":[{"href":"https:\/\/mmcondominial.com.br\/site\/wp-json\/wp\/v2\/types\/post"}],"author":[{"embeddable":true,"href":"https:\/\/mmcondominial.com.br\/site\/wp-json\/wp\/v2\/users\/4"}],"replies":[{"embeddable":true,"href":"https:\/\/mmcondominial.com.br\/site\/wp-json\/wp\/v2\/comments?post=1541"}],"version-history":[{"count":0,"href":"https:\/\/mmcondominial.com.br\/site\/wp-json\/wp\/v2\/posts\/1541\/revisions"}],"wp:featuredmedia":[{"embeddable":true,"href":"https:\/\/mmcondominial.com.br\/site\/wp-json\/wp\/v2\/media\/1542"}],"wp:attachment":[{"href":"https:\/\/mmcondominial.com.br\/site\/wp-json\/wp\/v2\/media?parent=1541"}],"wp:term":[{"taxonomy":"category","embeddable":true,"href":"https:\/\/mmcondominial.com.br\/site\/wp-json\/wp\/v2\/categories?post=1541"},{"taxonomy":"post_tag","embeddable":true,"href":"https:\/\/mmcondominial.com.br\/site\/wp-json\/wp\/v2\/tags?post=1541"}],"curies":[{"name":"wp","href":"https:\/\/api.w.org\/{rel}","templated":true}]}}